{"id":3796,"date":"2023-02-14T15:57:35","date_gmt":"2023-02-14T12:57:35","guid":{"rendered":"http:\/\/www.tesmer.org.tr\/?p=3796"},"modified":"2023-02-14T16:25:41","modified_gmt":"2023-02-14T13:25:41","slug":"deprem-felaketi-yasanan-illerde-bulunan-aday-meslek-mensuplari-icin-staja-ara-verebilme-suresi-uzatilmistir","status":"publish","type":"post","link":"https:\/\/www.tesmer.org.tr\/?p=3796","title":{"rendered":"Deprem Felaketi Ya\u015fanan \u0130llerde Bulunan Aday Meslek Mensuplar\u0131 \u0130\u00e7in Staja Ara Verebilme S\u00fcresi Uzat\u0131lm\u0131\u015ft\u0131r."},"content":{"rendered":"\t\t<div data-elementor-type=\"wp-post\" data-elementor-id=\"3796\" class=\"elementor elementor-3796\" data-elementor-post-type=\"post\">\n\t\t\t\t\t\t<section class=\"elementor-section elementor-top-section elementor-element elementor-element-3a89e225 elementor-section-boxed elementor-section-height-default elementor-section-height-default\" data-id=\"3a89e225\" data-element_type=\"section\" data-e-type=\"section\">\n\t\t\t\t\t\t<div class=\"elementor-container elementor-column-gap-default\">\n\t\t\t\t\t<div class=\"elementor-column elementor-col-100 elementor-top-column elementor-element elementor-element-659ecef7\" data-id=\"659ecef7\" data-element_type=\"column\" data-e-type=\"column\">\n\t\t\t<div class=\"elementor-widget-wrap elementor-element-populated\">\n\t\t\t\t\t\t<div class=\"elementor-element elementor-element-61732904 elementor-widget elementor-widget-text-editor\" data-id=\"61732904\" data-element_type=\"widget\" data-e-type=\"widget\" data-widget_type=\"text-editor.default\">\n\t\t\t\t<div class=\"elementor-widget-container\">\n\t\t\t\t\t\t\t\t\t\n<p style=\"text-align: justify;\">Y\u00f6netim Kurulumuzun 9 \u015eubat 2023 tarihli toplant\u0131s\u0131nda; 6 \u015eubat 2023 tarihinde 10 ilde (Adana, Ad\u0131yaman, Diyarbak\u0131r, Gaziantep, Hatay, Kilis, Kahramanmara\u015f, Malatya, Osmaniye, \u015eanl\u0131urfa) ya\u015fanan deprem felaketi nedeniyle, bu illerdeki Odalara kay\u0131tl\u0131 olan Aday Meslek Mensuplar\u0131 i\u00e7in SMMM Staj Y\u00f6netmeli\u011fi\u2019nin 8\u2019inci maddesinin 2\u2019inci f\u0131kras\u0131nda d\u00fczenlenen <strong>staja toplamda en fazla bir y\u0131l ara verilebilece\u011fi y\u00f6n\u00fcndeki d\u00fczenlemenin 24 ay olarak uygulanmas\u0131na<\/strong> karar verilmi\u015ftir.<\/p>\n\t\t\t\t\t\t\t\t<\/div>\n\t\t\t\t<\/div>\n\t\t\t\t\t<\/div>\n\t\t<\/div>\n\t\t\t\t\t<\/div>\n\t\t<\/section>\n\t\t\t\t<\/div>\n\t\t","protected":false},"excerpt":{"rendered":"<p>Deprem Felaketi Ya\u015fanan \u0130llerde Bulunan Aday Meslek Mensuplar\u0131 \u0130\u00e7in Staja Ara Verebilme S\u00fcresi Uzat\u0131lm\u0131\u015ft\u0131r.<\/p>\n","protected":false},"author":1,"featured_media":2091,"comment_status":"closed","ping_status":"closed","sticky":false,"template":"","format":"standard","meta":{"footnotes":""},"categories":[83,13],"tags":[],"class_list":["post-3796","post","type-post","status-publish","format-standard","has-post-thumbnail","hentry","category-onemli","category-staj-islemleri"],"_links":{"self":[{"href":"https:\/\/www.tesmer.org.tr\/index.php?rest_route=\/wp\/v2\/posts\/3796","targetHints":{"allow":["GET"]}}],"collection":[{"href":"https:\/\/www.tesmer.org.tr\/index.php?rest_route=\/wp\/v2\/posts"}],"about":[{"href":"https:\/\/www.tesmer.org.tr\/index.php?rest_route=\/wp\/v2\/types\/post"}],"author":[{"embeddable":true,"href":"https:\/\/www.tesmer.org.tr\/index.php?rest_route=\/wp\/v2\/users\/1"}],"replies":[{"embeddable":true,"href":"https:\/\/www.tesmer.org.tr\/index.php?rest_route=%2Fwp%2Fv2%2Fcomments&post=3796"}],"version-history":[{"count":0,"href":"https:\/\/www.tesmer.org.tr\/index.php?rest_route=\/wp\/v2\/posts\/3796\/revisions"}],"wp:featuredmedia":[{"embeddable":true,"href":"https:\/\/www.tesmer.org.tr\/index.php?rest_route=\/wp\/v2\/media\/2091"}],"wp:attachment":[{"href":"https:\/\/www.tesmer.org.tr\/index.php?rest_route=%2Fwp%2Fv2%2Fmedia&parent=3796"}],"wp:term":[{"taxonomy":"category","embeddable":true,"href":"https:\/\/www.tesmer.org.tr\/index.php?rest_route=%2Fwp%2Fv2%2Fcategories&post=3796"},{"taxonomy":"post_tag","embeddable":true,"href":"https:\/\/www.tesmer.org.tr\/index.php?rest_route=%2Fwp%2Fv2%2Ftags&post=3796"}],"curies":[{"name":"wp","href":"https:\/\/api.w.org\/{rel}","templated":true}]}}