{"id":6765,"date":"2025-12-09T17:14:19","date_gmt":"2025-12-09T14:14:19","guid":{"rendered":"https:\/\/www.tesmer.org.tr\/?p=6765"},"modified":"2025-12-09T17:15:02","modified_gmt":"2025-12-09T14:15:02","slug":"2025-3-ymm-sinavi-giris-belgeleri","status":"publish","type":"post","link":"https:\/\/www.tesmer.org.tr\/?p=6765","title":{"rendered":"2025\/3 YMM S\u0131nav\u0131 Giri\u015f Belgeleri"},"content":{"rendered":"\t\t<div data-elementor-type=\"wp-post\" data-elementor-id=\"6765\" class=\"elementor elementor-6765\" data-elementor-post-type=\"post\">\n\t\t\t\t<div class=\"elementor-element elementor-element-a529d19 e-flex e-con-boxed e-con e-parent\" data-id=\"a529d19\" data-element_type=\"container\" data-e-type=\"container\">\n\t\t\t\t\t<div class=\"e-con-inner\">\n\t\t\t\t<div class=\"elementor-element elementor-element-165f3a2 elementor-widget elementor-widget-text-editor\" data-id=\"165f3a2\" data-element_type=\"widget\" data-e-type=\"widget\" data-widget_type=\"text-editor.default\">\n\t\t\t\t<div class=\"elementor-widget-container\">\n\t\t\t\t\t\t\t\t\t<p>13-22 Aral\u0131k 2025 tarihleri aras\u0131nda yap\u0131lacak olan 2025\/3. D\u00f6nem Yeminli Mali M\u00fc\u015favirlik S\u0131nav\u0131 Giri\u015f Belgeleri <a href=\"http:\/\/belge.tesmer.org.tr\">http:\/\/belge.tesmer.org.tr<\/a> adresinde yay\u0131nlanm\u0131\u015ft\u0131r.<\/p>\t\t\t\t\t\t\t\t<\/div>\n\t\t\t\t<\/div>\n\t\t\t\t\t<\/div>\n\t\t\t\t<\/div>\n\t\t\t\t<\/div>\n\t\t","protected":false},"excerpt":{"rendered":"<p>13-22 Aral\u0131k 2025 tarihleri aras\u0131nda yap\u0131lacak olan 2025\/3. D\u00f6nem Yeminli Mali M\u00fc\u015favirlik S\u0131nav\u0131 Giri\u015f Belgeleri http:\/\/belge.tesmer.org.tr adresinde yay\u0131nlanm\u0131\u015ft\u0131r.<\/p>\n","protected":false},"author":3,"featured_media":2074,"comment_status":"closed","ping_status":"closed","sticky":false,"template":"","format":"standard","meta":{"footnotes":""},"categories":[147,128],"tags":[],"class_list":["post-6765","post","type-post","status-publish","format-standard","has-post-thumbnail","hentry","category-sinav-giris-belgeleri","category-ymm-sinavi"],"_links":{"self":[{"href":"https:\/\/www.tesmer.org.tr\/index.php?rest_route=\/wp\/v2\/posts\/6765","targetHints":{"allow":["GET"]}}],"collection":[{"href":"https:\/\/www.tesmer.org.tr\/index.php?rest_route=\/wp\/v2\/posts"}],"about":[{"href":"https:\/\/www.tesmer.org.tr\/index.php?rest_route=\/wp\/v2\/types\/post"}],"author":[{"embeddable":true,"href":"https:\/\/www.tesmer.org.tr\/index.php?rest_route=\/wp\/v2\/users\/3"}],"replies":[{"embeddable":true,"href":"https:\/\/www.tesmer.org.tr\/index.php?rest_route=%2Fwp%2Fv2%2Fcomments&post=6765"}],"version-history":[{"count":1,"href":"https:\/\/www.tesmer.org.tr\/index.php?rest_route=\/wp\/v2\/posts\/6765\/revisions"}],"predecessor-version":[{"id":7285,"href":"https:\/\/www.tesmer.org.tr\/index.php?rest_route=\/wp\/v2\/posts\/6765\/revisions\/7285"}],"wp:featuredmedia":[{"embeddable":true,"href":"https:\/\/www.tesmer.org.tr\/index.php?rest_route=\/wp\/v2\/media\/2074"}],"wp:attachment":[{"href":"https:\/\/www.tesmer.org.tr\/index.php?rest_route=%2Fwp%2Fv2%2Fmedia&parent=6765"}],"wp:term":[{"taxonomy":"category","embeddable":true,"href":"https:\/\/www.tesmer.org.tr\/index.php?rest_route=%2Fwp%2Fv2%2Fcategories&post=6765"},{"taxonomy":"post_tag","embeddable":true,"href":"https:\/\/www.tesmer.org.tr\/index.php?rest_route=%2Fwp%2Fv2%2Ftags&post=6765"}],"curies":[{"name":"wp","href":"https:\/\/api.w.org\/{rel}","templated":true}]}}