{"id":7284,"date":"2026-04-29T17:27:32","date_gmt":"2026-04-29T14:27:32","guid":{"rendered":"https:\/\/www.tesmer.org.tr\/?p=7284"},"modified":"2026-04-29T17:29:33","modified_gmt":"2026-04-29T14:29:33","slug":"2026-1-ymm-sinavi-giris-belgeleri","status":"publish","type":"post","link":"https:\/\/www.tesmer.org.tr\/?p=7284","title":{"rendered":"2026\/1 YMM S\u0131nav\u0131 Giri\u015f Belgeleri"},"content":{"rendered":"\t\t<div data-elementor-type=\"wp-post\" data-elementor-id=\"7284\" class=\"elementor elementor-7284\" data-elementor-post-type=\"post\">\n\t\t\t\t<div class=\"elementor-element elementor-element-0abd4ae e-flex e-con-boxed e-con e-parent\" data-id=\"0abd4ae\" data-element_type=\"container\" data-e-type=\"container\">\n\t\t\t\t\t<div class=\"e-con-inner\">\n\t\t\t\t<div class=\"elementor-element elementor-element-382516e elementor-widget elementor-widget-text-editor\" data-id=\"382516e\" data-element_type=\"widget\" data-e-type=\"widget\" data-widget_type=\"text-editor.default\">\n\t\t\t\t<div class=\"elementor-widget-container\">\n\t\t\t\t\t\t\t\t\t<p>2-11 May\u0131s 2026 tarihleri aras\u0131nda yap\u0131lacak olan 2026\/1. D\u00f6nem Yeminli Mali M\u00fc\u015favirlik S\u0131nav\u0131 Giri\u015f Belgeleri <a href=\"http:\/\/belge.tesmer.org.tr\">http:\/\/belge.tesmer.org.tr<\/a> adresinde yay\u0131nlanm\u0131\u015ft\u0131r.<\/p>\t\t\t\t\t\t\t\t<\/div>\n\t\t\t\t<\/div>\n\t\t\t\t\t<\/div>\n\t\t\t\t<\/div>\n\t\t\t\t<\/div>\n\t\t","protected":false},"excerpt":{"rendered":"<p>2-11 May\u0131s 2026 tarihleri aras\u0131nda yap\u0131lacak olan 2026\/1. D\u00f6nem Yeminli Mali M\u00fc\u015favirlik S\u0131nav\u0131 Giri\u015f Belgeleri http:\/\/belge.tesmer.org.tr adresinde yay\u0131nlanm\u0131\u015ft\u0131r.<\/p>\n","protected":false},"author":3,"featured_media":2074,"comment_status":"closed","ping_status":"closed","sticky":false,"template":"","format":"standard","meta":{"footnotes":""},"categories":[147,128],"tags":[],"class_list":["post-7284","post","type-post","status-publish","format-standard","has-post-thumbnail","hentry","category-sinav-giris-belgeleri","category-ymm-sinavi"],"_links":{"self":[{"href":"https:\/\/www.tesmer.org.tr\/index.php?rest_route=\/wp\/v2\/posts\/7284","targetHints":{"allow":["GET"]}}],"collection":[{"href":"https:\/\/www.tesmer.org.tr\/index.php?rest_route=\/wp\/v2\/posts"}],"about":[{"href":"https:\/\/www.tesmer.org.tr\/index.php?rest_route=\/wp\/v2\/types\/post"}],"author":[{"embeddable":true,"href":"https:\/\/www.tesmer.org.tr\/index.php?rest_route=\/wp\/v2\/users\/3"}],"replies":[{"embeddable":true,"href":"https:\/\/www.tesmer.org.tr\/index.php?rest_route=%2Fwp%2Fv2%2Fcomments&post=7284"}],"version-history":[{"count":7,"href":"https:\/\/www.tesmer.org.tr\/index.php?rest_route=\/wp\/v2\/posts\/7284\/revisions"}],"predecessor-version":[{"id":7292,"href":"https:\/\/www.tesmer.org.tr\/index.php?rest_route=\/wp\/v2\/posts\/7284\/revisions\/7292"}],"wp:featuredmedia":[{"embeddable":true,"href":"https:\/\/www.tesmer.org.tr\/index.php?rest_route=\/wp\/v2\/media\/2074"}],"wp:attachment":[{"href":"https:\/\/www.tesmer.org.tr\/index.php?rest_route=%2Fwp%2Fv2%2Fmedia&parent=7284"}],"wp:term":[{"taxonomy":"category","embeddable":true,"href":"https:\/\/www.tesmer.org.tr\/index.php?rest_route=%2Fwp%2Fv2%2Fcategories&post=7284"},{"taxonomy":"post_tag","embeddable":true,"href":"https:\/\/www.tesmer.org.tr\/index.php?rest_route=%2Fwp%2Fv2%2Ftags&post=7284"}],"curies":[{"name":"wp","href":"https:\/\/api.w.org\/{rel}","templated":true}]}}